{"id":2086,"date":"2025-05-30T17:30:23","date_gmt":"2025-05-30T15:30:23","guid":{"rendered":"https:\/\/ot31.pzk.org.pl\/?p=2086"},"modified":"2025-05-31T18:20:15","modified_gmt":"2025-05-31T16:20:15","slug":"los-2025","status":"publish","type":"post","link":"https:\/\/ot31.pzk.org.pl\/index.php\/2025\/05\/30\/los-2025\/","title":{"rendered":"\u0141O\u015a 2025"},"content":{"rendered":"<h3><span style=\"color: #0000ff;\"><strong>Zlot kr\u00f3tkofalarski \u0141O\u015a 2025!<\/strong><\/span><\/h3>\n<p><strong>Po zapowiedziach w sieci internetowej i zaproszeniach organizator\u00f3w z <span style=\"color: #008000;\">SP9KDA<\/span> i <span style=\"color: #008000;\">SP7KED<\/span> pod patronatem Polskiego Zwi\u0105zku Kr\u00f3tkofalowc\u00f3w w dniach 23-25 maja odby\u0142o si\u0119 XXI Spotkanie Kr\u00f3tkofalowc\u00f3w \u0141O\u015a 2025 na G\u00f3rce \u0141osiowej w powiecie oleskim, w miejscowo\u015bci <em><span style=\"color: #008000;\">Jaworzno Bankowe<\/span><\/em>. <\/strong><\/p>\n<p><strong>Jak zwykle nasz Rybnicki Oddzia\u0142 Terenowy PZK by\u0142 licznie obecny na spotkaniu a wsp\u00f3lne zdj\u0119cie pod banerem OT 31 PZK w sobot\u0119 24.05 jest tego dowodem (szkoda, \u017ce kilku koleg\u00f3w nie dotar\u0142o na ustalony czas wykonania wsp\u00f3lnego zdj\u0119cia). Podziwiali\u015bmy uczestnik\u00f3w zlotu, kt\u00f3rzy mimo ch\u0142odnych nocy biwakowali w przygotowanym miasteczku \u0142osiowym, kt\u00f3re imponowa\u0142o wielko\u015bci\u0105 i lasem anten nad obozowiskiem. Wi\u0119kszo\u015b\u0107 odwiedzaj\u0105cych spotkanie przyby\u0142o w sobot\u0119 24 maja i przy s\u0142onecznej pogodzie mog\u0142o uczestniczy\u0107 w prelekcjach i gie\u0142dzie sprz\u0119tu radiowego. Tak wielkiej gie\u0142dy radiowej nie spotyka si\u0119 nigdzie w Polsce dlatego stoiska odwiedzi\u0142y t\u0142umy ogl\u0105daj\u0105cych i kupuj\u0105cych. Mogli\u015bmy spotka\u0107 znajomych z eteru oraz pozna\u0107 kr\u00f3tkofalowc\u00f3w zas\u0142u\u017conych dla naszego hobby. W zlocie uczestniczy\u0142y w\u0142adze <em><span style=\"color: #993366;\">PZK<\/span><\/em>, <em><span style=\"color: #993366;\">SP DX Clubu<\/span><\/em>, <em><span style=\"color: #993366;\">Old Timers Clubu<\/span><\/em> co prowokowa\u0142o dyskusje nad przysz\u0142o\u015bci\u0105 naszych organizacji. Zlot od strony organizacyjnej przygotowano bardzo sprawnie i by\u0142o wida\u0107, \u017ce ekipa organizator\u00f3w robi\u0142a to nie pierwszy raz i podzia\u0142 na funkcje by\u0142 wypracowany w najdrobniejszych szczeg\u00f3\u0142ach. Dzi\u0119kuj\u0119 za mi\u0142e spotkanie w plenerze i do spotkania na <span style=\"color: #000000;\">\u0141O\u015a 2026<\/span>.<\/strong><\/p>\n<p><em><strong>W oddzia\u0142owej galerii publikujemy kilka <a href=\"https:\/\/photos.google.com\/u\/0\/share\/AF1QipP4dHDic6dEiNcXOMSaRdCxmPinq2eaLF-H3gjGgAoJvfcwos2Td4rEqHeU6VvV6w?key=bFRrWXY0V3BBSTZvQkhrVkRnNlpHc3RiOHRZYVpR\" target=\"_blank\" rel=\"noopener\"><span style=\"color: #0000ff;\">zdj\u0119\u0107<\/span><\/a>.<\/strong><\/em><\/p>\n<p>&nbsp;    <\/p>\n<p><strong>73! Gienek SQ9HZM<\/strong><\/p>\n","protected":false},"excerpt":{"rendered":"<p>Zlot kr\u00f3tkofalarski \u0141O\u015a 2025! Po zapowiedziach w sieci internetowej i zaproszeniach organizator\u00f3w z SP9KDA i SP7KED pod patronatem Polskiego Zwi\u0105zku Kr\u00f3tkofalowc\u00f3w w dniach 23-25 maja odby\u0142o si\u0119 XXI Spotkanie Kr\u00f3tkofalowc\u00f3w \u0141O\u015a 2025 na G\u00f3rce \u0141osiowej w powiecie oleskim, w miejscowo\u015bci Jaworzno Bankowe. Jak zwykle nasz Rybnicki Oddzia\u0142 Terenowy PZK by\u0142 [&hellip;]<\/p>\n","protected":false},"author":2,"featured_media":2095,"comment_status":"open","ping_status":"open","sticky":false,"template":"","format":"standard","meta":{"_themeisle_gutenberg_block_has_review":false,"footnotes":""},"categories":[1],"tags":[],"class_list":["post-2086","post","type-post","status-publish","format-standard","has-post-thumbnail","hentry","category-aktualnosci"],"aioseo_notices":[],"aioseo_head":"\n\t\t<!-- All in One SEO 5.0.1.1 - aioseo.com -->\n\t<meta name=\"description\" content=\"Zlot kr\u00f3tkofalarski \u0141O\u015a 2025! Po zapowiedziach w sieci internetowej i zaproszeniach organizator\u00f3w z SP9KDA i SP7KED pod patronatem Polskiego Zwi\u0105zku Kr\u00f3tkofalowc\u00f3w w dniach 23-25 maja odby\u0142o si\u0119 XXI Spotkanie Kr\u00f3tkofalowc\u00f3w \u0141O\u015a 2025 na G\u00f3rce \u0141osiowej w powiecie oleskim, w miejscowo\u015bci Jaworzno Bankowe. Jak zwykle nasz Rybnicki Oddzia\u0142 Terenowy PZK by\u0142 licznie obecny na spotkaniu a\" \/>\n\t<meta name=\"robots\" content=\"max-image-preview:large\" \/>\n\t<meta name=\"author\" content=\"Henryk SQ9MZ\"\/>\n\t<link rel=\"canonical\" href=\"https:\/\/ot31.pzk.org.pl\/index.php\/2025\/05\/30\/los-2025\/\" \/>\n\t<meta name=\"generator\" content=\"All in One SEO (AIOSEO) 5.0.1.1\" \/>\n\t\t<meta property=\"og:locale\" content=\"pl_PL\" \/>\n\t\t<meta property=\"og:site_name\" content=\"OT 31 PZK - Rybnicki Oddzia\u0142 Terenowy Polskiego Zwi\u0105zku Kr\u00f3tkofalowc\u00f3w\" \/>\n\t\t<meta property=\"og:type\" content=\"article\" \/>\n\t\t<meta property=\"og:title\" content=\"\u0141O\u015a 2025 - OT 31 PZK\" \/>\n\t\t<meta property=\"og:description\" content=\"Zlot kr\u00f3tkofalarski \u0141O\u015a 2025! Po zapowiedziach w sieci internetowej i zaproszeniach organizator\u00f3w z SP9KDA i SP7KED pod patronatem Polskiego Zwi\u0105zku Kr\u00f3tkofalowc\u00f3w w dniach 23-25 maja odby\u0142o si\u0119 XXI Spotkanie Kr\u00f3tkofalowc\u00f3w \u0141O\u015a 2025 na G\u00f3rce \u0141osiowej w powiecie oleskim, w miejscowo\u015bci Jaworzno Bankowe. Jak zwykle nasz Rybnicki Oddzia\u0142 Terenowy PZK by\u0142 licznie obecny na spotkaniu a\" \/>\n\t\t<meta property=\"og:url\" content=\"https:\/\/ot31.pzk.org.pl\/index.php\/2025\/05\/30\/los-2025\/\" \/>\n\t\t<meta property=\"article:published_time\" content=\"2025-05-30T15:30:23+00:00\" \/>\n\t\t<meta property=\"article:modified_time\" content=\"2025-05-31T16:20:15+00:00\" \/>\n\t\t<meta name=\"twitter:card\" content=\"summary_large_image\" \/>\n\t\t<meta name=\"twitter:title\" content=\"\u0141O\u015a 2025 - OT 31 PZK\" \/>\n\t\t<meta name=\"twitter:description\" content=\"Zlot kr\u00f3tkofalarski \u0141O\u015a 2025! Po zapowiedziach w sieci internetowej i zaproszeniach organizator\u00f3w z SP9KDA i SP7KED pod patronatem Polskiego Zwi\u0105zku Kr\u00f3tkofalowc\u00f3w w dniach 23-25 maja odby\u0142o si\u0119 XXI Spotkanie Kr\u00f3tkofalowc\u00f3w \u0141O\u015a 2025 na G\u00f3rce \u0141osiowej w powiecie oleskim, w miejscowo\u015bci Jaworzno Bankowe. Jak zwykle nasz Rybnicki Oddzia\u0142 Terenowy PZK by\u0142 licznie obecny na spotkaniu a\" \/>\n\t\t<script type=\"application\/ld+json\" class=\"aioseo-schema\">\n\t\t\t{\"@context\":\"https:\\\/\\\/schema.org\",\"@graph\":[{\"@type\":\"BlogPosting\",\"@id\":\"https:\\\/\\\/ot31.pzk.org.pl\\\/index.php\\\/2025\\\/05\\\/30\\\/los-2025\\\/#blogposting\",\"name\":\"\\u0141O\\u015a 2025 - OT 31 PZK\",\"headline\":\"\\u0141O\\u015a 2025\",\"author\":{\"@id\":\"https:\\\/\\\/ot31.pzk.org.pl\\\/index.php\\\/author\\\/henryk\\\/#author\"},\"publisher\":{\"@id\":\"https:\\\/\\\/ot31.pzk.org.pl\\\/#organization\"},\"image\":{\"@type\":\"ImageObject\",\"url\":\"https:\\\/\\\/ot31.pzk.org.pl\\\/wp-content\\\/uploads\\\/2025\\\/05\\\/los25.jpg\",\"width\":962,\"height\":445},\"datePublished\":\"2025-05-30T17:30:23+02:00\",\"dateModified\":\"2025-05-31T18:20:15+02:00\",\"inLanguage\":\"pl-PL\",\"mainEntityOfPage\":{\"@id\":\"https:\\\/\\\/ot31.pzk.org.pl\\\/index.php\\\/2025\\\/05\\\/30\\\/los-2025\\\/#webpage\"},\"isPartOf\":{\"@id\":\"https:\\\/\\\/ot31.pzk.org.pl\\\/index.php\\\/2025\\\/05\\\/30\\\/los-2025\\\/#webpage\"},\"articleSection\":\"Aktualno\\u015bci\"},{\"@type\":\"BreadcrumbList\",\"@id\":\"https:\\\/\\\/ot31.pzk.org.pl\\\/index.php\\\/2025\\\/05\\\/30\\\/los-2025\\\/#breadcrumblist\",\"itemListElement\":[{\"@type\":\"ListItem\",\"@id\":\"https:\\\/\\\/ot31.pzk.org.pl#listItem\",\"position\":1,\"name\":\"Dom\",\"item\":\"https:\\\/\\\/ot31.pzk.org.pl\",\"nextItem\":{\"@type\":\"ListItem\",\"@id\":\"https:\\\/\\\/ot31.pzk.org.pl\\\/index.php\\\/category\\\/aktualnosci\\\/#listItem\",\"name\":\"Aktualno\\u015bci\"}},{\"@type\":\"ListItem\",\"@id\":\"https:\\\/\\\/ot31.pzk.org.pl\\\/index.php\\\/category\\\/aktualnosci\\\/#listItem\",\"position\":2,\"name\":\"Aktualno\\u015bci\",\"item\":\"https:\\\/\\\/ot31.pzk.org.pl\\\/index.php\\\/category\\\/aktualnosci\\\/\",\"nextItem\":{\"@type\":\"ListItem\",\"@id\":\"https:\\\/\\\/ot31.pzk.org.pl\\\/index.php\\\/2025\\\/05\\\/30\\\/los-2025\\\/#listItem\",\"name\":\"\\u0141O\\u015a 2025\"},\"previousItem\":{\"@type\":\"ListItem\",\"@id\":\"https:\\\/\\\/ot31.pzk.org.pl#listItem\",\"name\":\"Dom\"}},{\"@type\":\"ListItem\",\"@id\":\"https:\\\/\\\/ot31.pzk.org.pl\\\/index.php\\\/2025\\\/05\\\/30\\\/los-2025\\\/#listItem\",\"position\":3,\"name\":\"\\u0141O\\u015a 2025\",\"previousItem\":{\"@type\":\"ListItem\",\"@id\":\"https:\\\/\\\/ot31.pzk.org.pl\\\/index.php\\\/category\\\/aktualnosci\\\/#listItem\",\"name\":\"Aktualno\\u015bci\"}}]},{\"@type\":\"Organization\",\"@id\":\"https:\\\/\\\/ot31.pzk.org.pl\\\/#organization\",\"name\":\"OT 31 PZK\",\"description\":\"Rybnicki Oddzia\\u0142 Terenowy Polskiego Zwi\\u0105zku Kr\\u00f3tkofalowc\\u00f3w\",\"url\":\"https:\\\/\\\/ot31.pzk.org.pl\\\/\"},{\"@type\":\"Person\",\"@id\":\"https:\\\/\\\/ot31.pzk.org.pl\\\/index.php\\\/author\\\/henryk\\\/#author\",\"url\":\"https:\\\/\\\/ot31.pzk.org.pl\\\/index.php\\\/author\\\/henryk\\\/\",\"name\":\"Henryk SQ9MZ\",\"image\":{\"@type\":\"ImageObject\",\"@id\":\"https:\\\/\\\/ot31.pzk.org.pl\\\/index.php\\\/2025\\\/05\\\/30\\\/los-2025\\\/#authorImage\",\"url\":\"https:\\\/\\\/secure.gravatar.com\\\/avatar\\\/00968438f803d01ed879aae2e8f4eaf9604fdb10fe1c9c8f40ff741fe9cb306b?s=96&d=mm&r=g\",\"width\":96,\"height\":96,\"caption\":\"Henryk SQ9MZ\"}},{\"@type\":\"WebPage\",\"@id\":\"https:\\\/\\\/ot31.pzk.org.pl\\\/index.php\\\/2025\\\/05\\\/30\\\/los-2025\\\/#webpage\",\"url\":\"https:\\\/\\\/ot31.pzk.org.pl\\\/index.php\\\/2025\\\/05\\\/30\\\/los-2025\\\/\",\"name\":\"\\u0141O\\u015a 2025 - OT 31 PZK\",\"description\":\"Zlot kr\\u00f3tkofalarski \\u0141O\\u015a 2025! Po zapowiedziach w sieci internetowej i zaproszeniach organizator\\u00f3w z SP9KDA i SP7KED pod patronatem Polskiego Zwi\\u0105zku Kr\\u00f3tkofalowc\\u00f3w w dniach 23-25 maja odby\\u0142o si\\u0119 XXI Spotkanie Kr\\u00f3tkofalowc\\u00f3w \\u0141O\\u015a 2025 na G\\u00f3rce \\u0141osiowej w powiecie oleskim, w miejscowo\\u015bci Jaworzno Bankowe. Jak zwykle nasz Rybnicki Oddzia\\u0142 Terenowy PZK by\\u0142 licznie obecny na spotkaniu a\",\"inLanguage\":\"pl-PL\",\"isPartOf\":{\"@id\":\"https:\\\/\\\/ot31.pzk.org.pl\\\/#website\"},\"breadcrumb\":{\"@id\":\"https:\\\/\\\/ot31.pzk.org.pl\\\/index.php\\\/2025\\\/05\\\/30\\\/los-2025\\\/#breadcrumblist\"},\"author\":{\"@id\":\"https:\\\/\\\/ot31.pzk.org.pl\\\/index.php\\\/author\\\/henryk\\\/#author\"},\"creator\":{\"@id\":\"https:\\\/\\\/ot31.pzk.org.pl\\\/index.php\\\/author\\\/henryk\\\/#author\"},\"image\":{\"@type\":\"ImageObject\",\"url\":\"https:\\\/\\\/ot31.pzk.org.pl\\\/wp-content\\\/uploads\\\/2025\\\/05\\\/los25.jpg\",\"@id\":\"https:\\\/\\\/ot31.pzk.org.pl\\\/index.php\\\/2025\\\/05\\\/30\\\/los-2025\\\/#mainImage\",\"width\":962,\"height\":445},\"primaryImageOfPage\":{\"@id\":\"https:\\\/\\\/ot31.pzk.org.pl\\\/index.php\\\/2025\\\/05\\\/30\\\/los-2025\\\/#mainImage\"},\"datePublished\":\"2025-05-30T17:30:23+02:00\",\"dateModified\":\"2025-05-31T18:20:15+02:00\"},{\"@type\":\"WebSite\",\"@id\":\"https:\\\/\\\/ot31.pzk.org.pl\\\/#website\",\"url\":\"https:\\\/\\\/ot31.pzk.org.pl\\\/\",\"name\":\"OT 31 PZK\",\"description\":\"Rybnicki Oddzia\\u0142 Terenowy Polskiego Zwi\\u0105zku Kr\\u00f3tkofalowc\\u00f3w\",\"inLanguage\":\"pl-PL\",\"publisher\":{\"@id\":\"https:\\\/\\\/ot31.pzk.org.pl\\\/#organization\"}}]}\n\t\t<\/script>\n\t\t<!-- All in One SEO -->\n\n","aioseo_head_json":{"title":"\u0141O\u015a 2025 - OT 31 PZK","description":"Zlot kr\u00f3tkofalarski \u0141O\u015a 2025! Po zapowiedziach w sieci internetowej i zaproszeniach organizator\u00f3w z SP9KDA i SP7KED pod patronatem Polskiego Zwi\u0105zku Kr\u00f3tkofalowc\u00f3w w dniach 23-25 maja odby\u0142o si\u0119 XXI Spotkanie Kr\u00f3tkofalowc\u00f3w \u0141O\u015a 2025 na G\u00f3rce \u0141osiowej w powiecie oleskim, w miejscowo\u015bci Jaworzno Bankowe. Jak zwykle nasz Rybnicki Oddzia\u0142 Terenowy PZK by\u0142 licznie obecny na spotkaniu a","canonical_url":"https:\/\/ot31.pzk.org.pl\/index.php\/2025\/05\/30\/los-2025\/","robots":"max-image-preview:large","keywords":"","webmasterTools":{"miscellaneous":""},"schema":{"@context":"https:\/\/schema.org","@graph":[{"@type":"BlogPosting","@id":"https:\/\/ot31.pzk.org.pl\/index.php\/2025\/05\/30\/los-2025\/#blogposting","name":"\u0141O\u015a 2025 - OT 31 PZK","headline":"\u0141O\u015a 2025","author":{"@id":"https:\/\/ot31.pzk.org.pl\/index.php\/author\/henryk\/#author"},"publisher":{"@id":"https:\/\/ot31.pzk.org.pl\/#organization"},"image":{"@type":"ImageObject","url":"https:\/\/ot31.pzk.org.pl\/wp-content\/uploads\/2025\/05\/los25.jpg","width":962,"height":445},"datePublished":"2025-05-30T17:30:23+02:00","dateModified":"2025-05-31T18:20:15+02:00","inLanguage":"pl-PL","mainEntityOfPage":{"@id":"https:\/\/ot31.pzk.org.pl\/index.php\/2025\/05\/30\/los-2025\/#webpage"},"isPartOf":{"@id":"https:\/\/ot31.pzk.org.pl\/index.php\/2025\/05\/30\/los-2025\/#webpage"},"articleSection":"Aktualno\u015bci"},{"@type":"BreadcrumbList","@id":"https:\/\/ot31.pzk.org.pl\/index.php\/2025\/05\/30\/los-2025\/#breadcrumblist","itemListElement":[{"@type":"ListItem","@id":"https:\/\/ot31.pzk.org.pl#listItem","position":1,"name":"Dom","item":"https:\/\/ot31.pzk.org.pl","nextItem":{"@type":"ListItem","@id":"https:\/\/ot31.pzk.org.pl\/index.php\/category\/aktualnosci\/#listItem","name":"Aktualno\u015bci"}},{"@type":"ListItem","@id":"https:\/\/ot31.pzk.org.pl\/index.php\/category\/aktualnosci\/#listItem","position":2,"name":"Aktualno\u015bci","item":"https:\/\/ot31.pzk.org.pl\/index.php\/category\/aktualnosci\/","nextItem":{"@type":"ListItem","@id":"https:\/\/ot31.pzk.org.pl\/index.php\/2025\/05\/30\/los-2025\/#listItem","name":"\u0141O\u015a 2025"},"previousItem":{"@type":"ListItem","@id":"https:\/\/ot31.pzk.org.pl#listItem","name":"Dom"}},{"@type":"ListItem","@id":"https:\/\/ot31.pzk.org.pl\/index.php\/2025\/05\/30\/los-2025\/#listItem","position":3,"name":"\u0141O\u015a 2025","previousItem":{"@type":"ListItem","@id":"https:\/\/ot31.pzk.org.pl\/index.php\/category\/aktualnosci\/#listItem","name":"Aktualno\u015bci"}}]},{"@type":"Organization","@id":"https:\/\/ot31.pzk.org.pl\/#organization","name":"OT 31 PZK","description":"Rybnicki Oddzia\u0142 Terenowy Polskiego Zwi\u0105zku Kr\u00f3tkofalowc\u00f3w","url":"https:\/\/ot31.pzk.org.pl\/"},{"@type":"Person","@id":"https:\/\/ot31.pzk.org.pl\/index.php\/author\/henryk\/#author","url":"https:\/\/ot31.pzk.org.pl\/index.php\/author\/henryk\/","name":"Henryk SQ9MZ","image":{"@type":"ImageObject","@id":"https:\/\/ot31.pzk.org.pl\/index.php\/2025\/05\/30\/los-2025\/#authorImage","url":"https:\/\/secure.gravatar.com\/avatar\/00968438f803d01ed879aae2e8f4eaf9604fdb10fe1c9c8f40ff741fe9cb306b?s=96&d=mm&r=g","width":96,"height":96,"caption":"Henryk SQ9MZ"}},{"@type":"WebPage","@id":"https:\/\/ot31.pzk.org.pl\/index.php\/2025\/05\/30\/los-2025\/#webpage","url":"https:\/\/ot31.pzk.org.pl\/index.php\/2025\/05\/30\/los-2025\/","name":"\u0141O\u015a 2025 - OT 31 PZK","description":"Zlot kr\u00f3tkofalarski \u0141O\u015a 2025! Po zapowiedziach w sieci internetowej i zaproszeniach organizator\u00f3w z SP9KDA i SP7KED pod patronatem Polskiego Zwi\u0105zku Kr\u00f3tkofalowc\u00f3w w dniach 23-25 maja odby\u0142o si\u0119 XXI Spotkanie Kr\u00f3tkofalowc\u00f3w \u0141O\u015a 2025 na G\u00f3rce \u0141osiowej w powiecie oleskim, w miejscowo\u015bci Jaworzno Bankowe. Jak zwykle nasz Rybnicki Oddzia\u0142 Terenowy PZK by\u0142 licznie obecny na spotkaniu a","inLanguage":"pl-PL","isPartOf":{"@id":"https:\/\/ot31.pzk.org.pl\/#website"},"breadcrumb":{"@id":"https:\/\/ot31.pzk.org.pl\/index.php\/2025\/05\/30\/los-2025\/#breadcrumblist"},"author":{"@id":"https:\/\/ot31.pzk.org.pl\/index.php\/author\/henryk\/#author"},"creator":{"@id":"https:\/\/ot31.pzk.org.pl\/index.php\/author\/henryk\/#author"},"image":{"@type":"ImageObject","url":"https:\/\/ot31.pzk.org.pl\/wp-content\/uploads\/2025\/05\/los25.jpg","@id":"https:\/\/ot31.pzk.org.pl\/index.php\/2025\/05\/30\/los-2025\/#mainImage","width":962,"height":445},"primaryImageOfPage":{"@id":"https:\/\/ot31.pzk.org.pl\/index.php\/2025\/05\/30\/los-2025\/#mainImage"},"datePublished":"2025-05-30T17:30:23+02:00","dateModified":"2025-05-31T18:20:15+02:00"},{"@type":"WebSite","@id":"https:\/\/ot31.pzk.org.pl\/#website","url":"https:\/\/ot31.pzk.org.pl\/","name":"OT 31 PZK","description":"Rybnicki Oddzia\u0142 Terenowy Polskiego Zwi\u0105zku Kr\u00f3tkofalowc\u00f3w","inLanguage":"pl-PL","publisher":{"@id":"https:\/\/ot31.pzk.org.pl\/#organization"}}]},"og:locale":"pl_PL","og:site_name":"OT 31 PZK - Rybnicki Oddzia\u0142 Terenowy Polskiego Zwi\u0105zku Kr\u00f3tkofalowc\u00f3w","og:type":"article","og:title":"\u0141O\u015a 2025 - OT 31 PZK","og:description":"Zlot kr\u00f3tkofalarski \u0141O\u015a 2025! Po zapowiedziach w sieci internetowej i zaproszeniach organizator\u00f3w z SP9KDA i SP7KED pod patronatem Polskiego Zwi\u0105zku Kr\u00f3tkofalowc\u00f3w w dniach 23-25 maja odby\u0142o si\u0119 XXI Spotkanie Kr\u00f3tkofalowc\u00f3w \u0141O\u015a 2025 na G\u00f3rce \u0141osiowej w powiecie oleskim, w miejscowo\u015bci Jaworzno Bankowe. Jak zwykle nasz Rybnicki Oddzia\u0142 Terenowy PZK by\u0142 licznie obecny na spotkaniu a","og:url":"https:\/\/ot31.pzk.org.pl\/index.php\/2025\/05\/30\/los-2025\/","article:published_time":"2025-05-30T15:30:23+00:00","article:modified_time":"2025-05-31T16:20:15+00:00","twitter:card":"summary_large_image","twitter:title":"\u0141O\u015a 2025 - OT 31 PZK","twitter:description":"Zlot kr\u00f3tkofalarski \u0141O\u015a 2025! Po zapowiedziach w sieci internetowej i zaproszeniach organizator\u00f3w z SP9KDA i SP7KED pod patronatem Polskiego Zwi\u0105zku Kr\u00f3tkofalowc\u00f3w w dniach 23-25 maja odby\u0142o si\u0119 XXI Spotkanie Kr\u00f3tkofalowc\u00f3w \u0141O\u015a 2025 na G\u00f3rce \u0141osiowej w powiecie oleskim, w miejscowo\u015bci Jaworzno Bankowe. Jak zwykle nasz Rybnicki Oddzia\u0142 Terenowy PZK by\u0142 licznie obecny na spotkaniu a"},"aioseo_meta_data":{"post_id":"2086","title":null,"description":null,"keywords":null,"keyphrases":{"focus":[],"additional":[]},"primary_term":null,"canonical_url":null,"og_title":null,"og_description":null,"og_object_type":"default","og_image_type":"default","og_image_url":null,"og_image_width":null,"og_image_height":null,"og_image_custom_url":null,"og_image_custom_fields":null,"og_video":"","og_custom_url":null,"og_article_section":null,"og_article_tags":null,"twitter_use_og":false,"twitter_card":"default","twitter_image_type":"default","twitter_image_url":null,"twitter_image_custom_url":null,"twitter_image_custom_fields":null,"twitter_title":null,"twitter_description":null,"schema":{"blockGraphs":[],"customGraphs":[],"default":{"data":{"Article":[],"Course":[],"Dataset":[],"FAQPage":[],"Movie":[],"Person":[],"Product":[],"ProductReview":[],"Car":[],"Recipe":[],"Service":[],"SoftwareApplication":[],"WebPage":[]},"graphName":"BlogPosting","isEnabled":true},"graphs":[]},"schema_type":"default","schema_type_options":null,"pillar_content":false,"robots_default":true,"robots_noindex":false,"robots_noarchive":false,"robots_nosnippet":false,"robots_nofollow":false,"robots_noimageindex":false,"robots_noodp":false,"robots_notranslate":false,"robots_max_snippet":"-1","robots_max_videopreview":"-1","robots_max_imagepreview":"large","priority":null,"frequency":"default","local_seo":null,"breadcrumb_settings":null,"limit_modified_date":false,"ai":null,"created":"2025-05-30 15:30:23","updated":"2026-09-02 20:59:07","seo_analyzer_scan_date":null,"focus_keyword":null,"additional_keywords":null,"truseo_locale":null},"aioseo_breadcrumb":"<div class=\"aioseo-breadcrumbs\"><span class=\"aioseo-breadcrumb\">\n\t\t\t<a href=\"https:\/\/ot31.pzk.org.pl\" title=\"Dom\">Dom<\/a>\n\t\t<\/span><span class=\"aioseo-breadcrumb-separator\">&raquo;<\/span><span class=\"aioseo-breadcrumb\">\n\t\t\t<a href=\"https:\/\/ot31.pzk.org.pl\/index.php\/category\/aktualnosci\/\" title=\"Aktualno\u015bci\">Aktualno\u015bci<\/a>\n\t\t<\/span><span class=\"aioseo-breadcrumb-separator\">&raquo;<\/span><span class=\"aioseo-breadcrumb\">\n\t\t\t\u0141O\u015a 2025\n\t\t<\/span><\/div>","aioseo_breadcrumb_json":[{"label":"Dom","link":"https:\/\/ot31.pzk.org.pl"},{"label":"Aktualno\u015bci","link":"https:\/\/ot31.pzk.org.pl\/index.php\/category\/aktualnosci\/"},{"label":"\u0141O\u015a 2025","link":"https:\/\/ot31.pzk.org.pl\/index.php\/2025\/05\/30\/los-2025\/"}],"_links":{"self":[{"href":"https:\/\/ot31.pzk.org.pl\/index.php\/wp-json\/wp\/v2\/posts\/2086","targetHints":{"allow":["GET"]}}],"collection":[{"href":"https:\/\/ot31.pzk.org.pl\/index.php\/wp-json\/wp\/v2\/posts"}],"about":[{"href":"https:\/\/ot31.pzk.org.pl\/index.php\/wp-json\/wp\/v2\/types\/post"}],"author":[{"embeddable":true,"href":"https:\/\/ot31.pzk.org.pl\/index.php\/wp-json\/wp\/v2\/users\/2"}],"replies":[{"embeddable":true,"href":"https:\/\/ot31.pzk.org.pl\/index.php\/wp-json\/wp\/v2\/comments?post=2086"}],"version-history":[{"count":10,"href":"https:\/\/ot31.pzk.org.pl\/index.php\/wp-json\/wp\/v2\/posts\/2086\/revisions"}],"predecessor-version":[{"id":2097,"href":"https:\/\/ot31.pzk.org.pl\/index.php\/wp-json\/wp\/v2\/posts\/2086\/revisions\/2097"}],"wp:featuredmedia":[{"embeddable":true,"href":"https:\/\/ot31.pzk.org.pl\/index.php\/wp-json\/wp\/v2\/media\/2095"}],"wp:attachment":[{"href":"https:\/\/ot31.pzk.org.pl\/index.php\/wp-json\/wp\/v2\/media?parent=2086"}],"wp:term":[{"taxonomy":"category","embeddable":true,"href":"https:\/\/ot31.pzk.org.pl\/index.php\/wp-json\/wp\/v2\/categories?post=2086"},{"taxonomy":"post_tag","embeddable":true,"href":"https:\/\/ot31.pzk.org.pl\/index.php\/wp-json\/wp\/v2\/tags?post=2086"}],"curies":[{"name":"wp","href":"https:\/\/api.w.org\/{rel}","templated":true}]}}