{"id":1143,"date":"2022-11-08T22:01:38","date_gmt":"2022-11-08T21:01:38","guid":{"rendered":"https:\/\/ot31.pzk.org.pl\/?p=1143"},"modified":"2022-11-08T22:03:51","modified_gmt":"2022-11-08T21:03:51","slug":"barborkowe-spotkanie-krotkofalowcow-na-rymerze-2","status":"publish","type":"post","link":"https:\/\/ot31.pzk.org.pl\/index.php\/2022\/11\/08\/barborkowe-spotkanie-krotkofalowcow-na-rymerze-2\/","title":{"rendered":"Barb\u00f3rkowe Spotkanie Kr\u00f3tkofalowc\u00f3w na Rymerze"},"content":{"rendered":"<p><b><span style=\"font-family: 'Times New Roman',serif;\">Zapraszamy wszystkich radioamator\u00f3w na Barb\u00f3rkowe Spotkanie Kr\u00f3tkofalowc\u00f3w. Spotkanie odb\u0119dzie si\u0119\u00a0 w pi\u0105tek 9 grudnia 2022 r. o godzinie 16.30 w restauracji klubu NOT w Rybniku-Niedobczycach przy ul. J\u00f3zefa Rymera 54.<\/span><\/b><\/p>\n<p><b><span style=\"font-family: 'Times New Roman',serif;\"> Program spotkania przewiduje prelekcje z wypraw DX-owych, og\u0142oszenie wynik\u00f3w i wr\u0119czenie nagr\u00f3d za Zawody Rybnickie 2022, sprawozdanie z pracy Zarz\u0105du OT 31 PZK oraz dyskusje na tematy kr\u00f3tkofalarskie. <\/span><\/b><\/p>\n<p><b><span style=\"font-family: 'Times New Roman',serif;\">W zwi\u0105zku z ograniczon\u0105 liczb\u0105 miejsc zapisy na zebranie do niedzieli 20.11.2022 (gie\u0142do-spotkanie w Pszowie) prowadzi Andrzej SP9N i Romuald SP9FTJ.\u00a0 Organizatorami spotkania s\u0105 klub SP9PRO dzia\u0142aj\u0105cy przy Stowarzyszeniu In\u017cynier\u00f3w i Technik\u00f3w G\u00f3rnictwa Oddzia\u0142 w Rybniku oraz Rybnicki Oddzia\u0142 Terenowy PZK (OT 31 PZK). <\/span><\/b><\/p>\n<p><b><span style=\"font-family: 'Times New Roman',serif;\">Gospodarzem i prowadz\u0105cym spotkanie b\u0119dzie kolega Wojciech SP9PT.<\/span><\/b><o:p><\/o:p><\/p>\n<p>&nbsp;<\/p>\n<p><b>\u00a0\u00a0\u00a0\u00a0\u00a0\u00a0\u00a0\u00a0\u00a0\u00a0\u00a0\u00a0\u00a0\u00a0 <\/b><b><span style=\"font-family: 'Times New Roman',serif;\">Gienek SQ9HZM<\/span><\/b><o:p><\/o:p><\/p>\n","protected":false},"excerpt":{"rendered":"<p>Zapraszamy wszystkich radioamator\u00f3w na Barb\u00f3rkowe Spotkanie Kr\u00f3tkofalowc\u00f3w. Spotkanie odb\u0119dzie si\u0119\u00a0 w pi\u0105tek 9 grudnia 2022 r. o godzinie 16.30 w restauracji klubu NOT w Rybniku-Niedobczycach przy ul. J\u00f3zefa Rymera 54. Program spotkania przewiduje prelekcje z wypraw DX-owych, og\u0142oszenie wynik\u00f3w i wr\u0119czenie nagr\u00f3d za Zawody Rybnickie 2022, sprawozdanie z pracy Zarz\u0105du [&hellip;]<\/p>\n","protected":false},"author":2,"featured_media":1146,"comment_status":"open","ping_status":"open","sticky":false,"template":"","format":"standard","meta":{"_themeisle_gutenberg_block_has_review":false,"footnotes":""},"categories":[1],"tags":[],"class_list":["post-1143","post","type-post","status-publish","format-standard","has-post-thumbnail","hentry","category-aktualnosci"],"aioseo_notices":[],"_links":{"self":[{"href":"https:\/\/ot31.pzk.org.pl\/index.php\/wp-json\/wp\/v2\/posts\/1143","targetHints":{"allow":["GET"]}}],"collection":[{"href":"https:\/\/ot31.pzk.org.pl\/index.php\/wp-json\/wp\/v2\/posts"}],"about":[{"href":"https:\/\/ot31.pzk.org.pl\/index.php\/wp-json\/wp\/v2\/types\/post"}],"author":[{"embeddable":true,"href":"https:\/\/ot31.pzk.org.pl\/index.php\/wp-json\/wp\/v2\/users\/2"}],"replies":[{"embeddable":true,"href":"https:\/\/ot31.pzk.org.pl\/index.php\/wp-json\/wp\/v2\/comments?post=1143"}],"version-history":[{"count":3,"href":"https:\/\/ot31.pzk.org.pl\/index.php\/wp-json\/wp\/v2\/posts\/1143\/revisions"}],"predecessor-version":[{"id":1147,"href":"https:\/\/ot31.pzk.org.pl\/index.php\/wp-json\/wp\/v2\/posts\/1143\/revisions\/1147"}],"wp:featuredmedia":[{"embeddable":true,"href":"https:\/\/ot31.pzk.org.pl\/index.php\/wp-json\/wp\/v2\/media\/1146"}],"wp:attachment":[{"href":"https:\/\/ot31.pzk.org.pl\/index.php\/wp-json\/wp\/v2\/media?parent=1143"}],"wp:term":[{"taxonomy":"category","embeddable":true,"href":"https:\/\/ot31.pzk.org.pl\/index.php\/wp-json\/wp\/v2\/categories?post=1143"},{"taxonomy":"post_tag","embeddable":true,"href":"https:\/\/ot31.pzk.org.pl\/index.php\/wp-json\/wp\/v2\/tags?post=1143"}],"curies":[{"name":"wp","href":"https:\/\/api.w.org\/{rel}","templated":true}]}}